{"id":166,"date":"2012-07-19T22:47:05","date_gmt":"2012-07-19T21:47:05","guid":{"rendered":"https:\/\/svensksegway.se\/?p=166"},"modified":"2014-05-24T00:20:45","modified_gmt":"2014-05-23T23:20:45","slug":"segway-turne-pa-vastkusten-kolmarden","status":"publish","type":"post","link":"https:\/\/svensksegway.se\/?p=166","title":{"rendered":"Segway turn\u00e9 p\u00e5 v\u00e4stkusten + Kolm\u00e5rden"},"content":{"rendered":"<p>Denna veckan har vi bes\u00f6kt n\u00e5gra av v\u00e5ra uthyrningsst\u00e4llen p\u00e5 campingar, f\u00f6rst Kolm\u00e5rden, sedan M\u00f6lle, Torekov och Tyl\u00f6sand. Uthyrningen har g\u00e5tt riktigt bra p\u00e5 de flesta st\u00e4llen. Dock har inte v\u00e4dret varit det b\u00e4sta p\u00e5 v\u00e4stkusten p\u00e5 sistone..<\/p>\n<p>Vi har k\u00f6rt Pr\u00f6va p\u00e5 tillf\u00e4lle p\u00e5 samtliga, d\u00e4r folk har f\u00e5tt pr\u00f6va p\u00e5 att \u00e5ka Segway p\u00e5 en liten bana i n\u00e5gra minuter. Det var riktigt popul\u00e4rt, framf\u00f6rallt n\u00e4r vi la det kv\u00e4llstid ist\u00e4llet. P\u00e5 sista st\u00e4llet Tyl\u00f6sand hade vi ca 40 st som pr\u00f6vade.<\/p>\n<p>Hann inte med att ta s\u00e5 m\u00e5nga bilder, men h\u00e4r kommer n\u00e5gra i alla fall.<\/p>\n<div id=\"attachment_167\" style=\"width: 235px\" class=\"wp-caption alignleft\"><a href=\"https:\/\/svensksegway.se\/wp-content\/uploads\/2012\/07\/WP_000086.jpg\"><img loading=\"lazy\" decoding=\"async\" aria-describedby=\"caption-attachment-167\" class=\"size-medium wp-image-167\" title=\"WP_000086\" src=\"https:\/\/svensksegway.se\/wp-content\/uploads\/2012\/07\/WP_000086-225x300.jpg\" alt=\"\" width=\"225\" height=\"300\" srcset=\"https:\/\/svensksegway.se\/wp-content\/uploads\/2012\/07\/WP_000086-225x300.jpg 225w, https:\/\/svensksegway.se\/wp-content\/uploads\/2012\/07\/WP_000086-600x800.jpg 600w, https:\/\/svensksegway.se\/wp-content\/uploads\/2012\/07\/WP_000086-768x1024.jpg 768w, https:\/\/svensksegway.se\/wp-content\/uploads\/2012\/07\/WP_000086-scaled.jpg 1920w\" sizes=\"(max-width: 225px) 100vw, 225px\" \/><\/a><p id=\"caption-attachment-167\" class=\"wp-caption-text\">Segway \u00e5kning p\u00e5 First Camp M\u00f6lle<\/p><\/div>\n<div id=\"attachment_168\" style=\"width: 235px\" class=\"wp-caption alignleft\"><a href=\"https:\/\/svensksegway.se\/wp-content\/uploads\/2012\/07\/WP_000096.jpg\"><img loading=\"lazy\" decoding=\"async\" aria-describedby=\"caption-attachment-168\" class=\"size-medium wp-image-168\" title=\"WP_000096\" src=\"https:\/\/svensksegway.se\/wp-content\/uploads\/2012\/07\/WP_000096-225x300.jpg\" alt=\"\" width=\"225\" height=\"300\" srcset=\"https:\/\/svensksegway.se\/wp-content\/uploads\/2012\/07\/WP_000096-225x300.jpg 225w, https:\/\/svensksegway.se\/wp-content\/uploads\/2012\/07\/WP_000096-600x800.jpg 600w, https:\/\/svensksegway.se\/wp-content\/uploads\/2012\/07\/WP_000096-768x1024.jpg 768w, https:\/\/svensksegway.se\/wp-content\/uploads\/2012\/07\/WP_000096-scaled.jpg 1920w\" sizes=\"(max-width: 225px) 100vw, 225px\" \/><\/a><p id=\"caption-attachment-168\" class=\"wp-caption-text\">Segway \u00e5kning p\u00e5 ett regnigt Tyl\u00f6sand<\/p><\/div>\n<div id=\"attachment_169\" style=\"width: 235px\" class=\"wp-caption alignleft\"><a href=\"https:\/\/svensksegway.se\/wp-content\/uploads\/2012\/07\/WP_000099.jpg\"><img loading=\"lazy\" decoding=\"async\" aria-describedby=\"caption-attachment-169\" class=\"size-medium wp-image-169\" title=\"WP_000099\" src=\"https:\/\/svensksegway.se\/wp-content\/uploads\/2012\/07\/WP_000099-225x300.jpg\" alt=\"\" width=\"225\" height=\"300\" srcset=\"https:\/\/svensksegway.se\/wp-content\/uploads\/2012\/07\/WP_000099-225x300.jpg 225w, https:\/\/svensksegway.se\/wp-content\/uploads\/2012\/07\/WP_000099-600x800.jpg 600w, https:\/\/svensksegway.se\/wp-content\/uploads\/2012\/07\/WP_000099-768x1024.jpg 768w, https:\/\/svensksegway.se\/wp-content\/uploads\/2012\/07\/WP_000099-scaled.jpg 1920w\" sizes=\"(max-width: 225px) 100vw, 225px\" \/><\/a><p id=\"caption-attachment-169\" class=\"wp-caption-text\">Glada killar p\u00e5 First Camp Tyl\u00f6sand<\/p><\/div>\n","protected":false},"excerpt":{"rendered":"<p>Denna veckan har vi bes\u00f6kt n\u00e5gra av v\u00e5ra uthyrningsst\u00e4llen p\u00e5 campingar, f\u00f6rst Kolm\u00e5rden, sedan M\u00f6lle, Torekov och Tyl\u00f6sand. Uthyrningen har g\u00e5tt riktigt bra p\u00e5 de flesta st\u00e4llen. Dock har inte v\u00e4dret varit det b\u00e4sta p\u00e5 v\u00e4stkusten p\u00e5 sistone.. Vi har k\u00f6rt Pr\u00f6va p\u00e5 tillf\u00e4lle p\u00e5 samtliga, d\u00e4r folk har f\u00e5tt pr\u00f6va p\u00e5 att \u00e5ka Segway p\u00e5 en liten bana i n\u00e5gra minuter. Det var riktigt popul\u00e4rt, framf\u00f6rallt n\u00e4r vi la det kv\u00e4llstid ist\u00e4llet. P\u00e5 sista st\u00e4llet Tyl\u00f6sand hade vi ca 40 st som pr\u00f6vade. Hann inte med att ta s\u00e5 m\u00e5nga bilder, men h\u00e4r kommer n\u00e5gra i alla fall.<\/p>\n","protected":false},"author":2,"featured_media":0,"comment_status":"closed","ping_status":"closed","sticky":false,"template":"","format":"standard","meta":{"_exactmetrics_skip_tracking":false,"_exactmetrics_sitenote_active":false,"_exactmetrics_sitenote_note":"","_exactmetrics_sitenote_category":0,"footnotes":""},"categories":[4],"tags":[],"_links":{"self":[{"href":"https:\/\/svensksegway.se\/index.php?rest_route=\/wp\/v2\/posts\/166"}],"collection":[{"href":"https:\/\/svensksegway.se\/index.php?rest_route=\/wp\/v2\/posts"}],"about":[{"href":"https:\/\/svensksegway.se\/index.php?rest_route=\/wp\/v2\/types\/post"}],"author":[{"embeddable":true,"href":"https:\/\/svensksegway.se\/index.php?rest_route=\/wp\/v2\/users\/2"}],"replies":[{"embeddable":true,"href":"https:\/\/svensksegway.se\/index.php?rest_route=%2Fwp%2Fv2%2Fcomments&post=166"}],"version-history":[{"count":3,"href":"https:\/\/svensksegway.se\/index.php?rest_route=\/wp\/v2\/posts\/166\/revisions"}],"predecessor-version":[{"id":171,"href":"https:\/\/svensksegway.se\/index.php?rest_route=\/wp\/v2\/posts\/166\/revisions\/171"}],"wp:attachment":[{"href":"https:\/\/svensksegway.se\/index.php?rest_route=%2Fwp%2Fv2%2Fmedia&parent=166"}],"wp:term":[{"taxonomy":"category","embeddable":true,"href":"https:\/\/svensksegway.se\/index.php?rest_route=%2Fwp%2Fv2%2Fcategories&post=166"},{"taxonomy":"post_tag","embeddable":true,"href":"https:\/\/svensksegway.se\/index.php?rest_route=%2Fwp%2Fv2%2Ftags&post=166"}],"curies":[{"name":"wp","href":"https:\/\/api.w.org\/{rel}","templated":true}]}}